{"id":5710,"date":"2022-05-30T11:16:36","date_gmt":"2022-05-30T16:16:36","guid":{"rendered":"https:\/\/estheticdentalcenter.com.mx\/?p=5710"},"modified":"2022-06-08T11:37:05","modified_gmt":"2022-06-08T16:37:05","slug":"alzheimer-y-nuestra-salud-dental","status":"publish","type":"post","link":"https:\/\/estheticdentalcenter.com.mx\/en\/alzheimer-y-nuestra-salud-dental\/","title":{"rendered":"Alzheimer y Nuestra Salud Dental"},"content":{"rendered":"<h3 class=\"wp-block-heading\">Una Correlaci\u00f3n Que No Podemos Ignorar.<\/h3>\n\n\n\n<p>Recuerda acudir con un especialista para resolver cualquier duda que tengas. Haz tu cita con nuestros <a href=\"https:\/\/estheticdentalcenter.com.mx\/en\/\">dentistas<\/a> el d\u00eda de hoy<\/p>\n\n\n\n<p>Hoy en dia es muy com\u00fan que escuchemos sobre la Enfermedad del Alzheimer (EA) un tipo de demencia con el cual hemos convivido por un poco m\u00e1s de 115 a\u00f1os y que sin embargo a pesar de que hoy en d\u00eda contamos con m\u00e1s avances tecnologicos asi como farmac\u00e9uticos no hemos podido determinar una cura que nos ayude a contrarrestar los efectos de la demencia m\u00e1s com\u00fan en el mundo. <\/p>\n\n\n\n<p>Descrita por primera vez en 1906 por los Doctores Emil Kraepelin y Alois Alzheimer, esta clase de demencia tiende a afectar a personas mayores y cuyas caracter\u00edsticas cl\u00ednicas se empiezan a detectar entre la edad de 60 a los 65 a\u00f1os, a su vez se ve deteriorada severamente la capacidad de quien la padece para realizar sus actividades cotidianas, que incluso puede llevar a la personas que la<br>padecen a desconocer a sus familiares entre otros conocidos y tener severas dificultades en el lenguaje y en el comportamiento. <\/p>\n\n\n\n<p>Antes se cre\u00eda que los pacientes que presentaban edentulismo o estaban \u2018\u2019<em>chimuelos<\/em>\u2019\u2019 (como se le conoce coloquialmente) era uno de los factores que van a promov\u00eda el desarrollo de dicha enfermedad, sin embargo en los \u00faltimos a\u00f1os se han realizados estudios m\u00e1s a fondo de que es lo que realmente est\u00e1 ocurriendo en los cuales se ha llegado a la conclusi\u00f3n que el edentulismo no es realmente lo que genera el desarrollo de la EA. <\/p>\n\n\n\n<p>Ustedes se preguntar\u00e1n <\/p>\n\n\n\n<blockquote class=\"wp-block-quote is-layout-flow wp-block-quote-is-layout-flow\"><p>\u00bfC\u00f3mo una enfermedad que comienza en el hipocampo (regi\u00f3n del cerebro) tiene alguna relaci\u00f3n con mis dientes o con el estado de salud en el cual se encuentra? <\/p><\/blockquote>\n\n\n\n<p>Un estudio publicado en el 2019 por la revista Science Advances y liderado por <strong>el Dr. Stephen Dominy encontr\u00f3 la Porphyromonas gingivalis (principal bacteria causante de la Periodontitis Cr\u00f3nica) en el cerebro de pacientes que hab\u00edan sido diagnosticados con la enfermedad del Alzheimer<\/strong>, para comprobar dicha teor\u00eda los investigadores infectaron la boca de ratones de laboratorio con P. gingivalis, lo que ocasion\u00f3 colonizaci\u00f3n cerebral as\u00ed como la formaci\u00f3n de componentes que promueven el desarrollo de la EA. <\/p>\n\n\n\n<p>En el estudio ellos determinaron la manera en la cual la bacteriemia o <strong>el camino que recorre esta bacteria para llegar al cerebro empieza desde que esta bacteria se aloja dentro de nuestra boca, posteriormente y tal como lo hacen las abejas durante la polinizaci\u00f3n nosotros la transportamos con instrumentos que usamos en nuestro dia a dia como lo es una mala t\u00e9cnica de cepillado as\u00ed como una la t\u00e9cnica del uso de hilo dental y la propia masticaci\u00f3n. <\/strong><\/p>\n\n\n\n<p>En el art\u00edculo <strong>recalcan la importancia de una buena limpieza dental antes de someterse a cualquier procedimiento quir\u00fargico <\/strong>dentro de la cavidad oral ya que de no hacerlo la persona se arriesga a una bacteriemia que puede llegar con mayor facilidad a una arteria coronaria. <\/p>\n\n\n\n<h4 class=\"wp-block-heading\">Conclusi\u00f3n<\/h4>\n\n\n\n<p>En conclusi\u00f3n, a pesar de que se trata de un tema del cual a\u00fan se sigue investigando tenemos las bases para decir que la enfermedad se puede prevenir y de una manera sencilla como lo es teniendo buena higiene oral, por tal motivo <strong>te recomendamos que cambies tu cepillo de dientes con regularidad<\/strong> ya que el mismo cepillo se puede volver una colonia de bacterias, teniendo una buena t\u00e9cnica de cepillado y de uso de hilo dental tambi\u00e9n pueden ayudar sin embargo te recomendamos acudir a tu limpieza dental en un periodo de 1 vez cada 6 meses ya que aunque cumpliendo con todas las recomendaciones antes mencionadas hay zonas en las cuales ni el cepillo ni ning\u00fan otro aditamento van a poder llegar sin la ayuda de un especialista. <\/p>\n\n\n\n<p>Si no has acudido a tus citas dentales te recomendamos hacerlo, cualquier tipo de duda que llegaras a presentar no dudes en contactarnos y recuerda que en <a href=\"https:\/\/estheticdentalcenter.com.mx\/en\/\" title=\"Esthetic Dental Center\">Esthetic Dental Center<\/a> estamos para ti.<br><\/p>\n\n\n\n<h3 class=\"wp-block-heading\">Bibliograf\u00eda:<\/h3>\n\n\n\n<ol class=\"wp-block-list\"><li>Porphyromonas gingivalis in Alzheimer\u2019s disease brains: Evidence for disease<br>causation and treatment with small-molecule inhibitors Stephen S. Dominy Casey<br>Lynch Florian Ermini Ma\u0142gorzata Benedyk Agata Marczyk Andrei Konradi Mai<br>Nguyen Ursula Haditsch Debasish Raha Christina Griffin Leslie J. Holsinger Shirin<br>Arastu-Kapur Samer Kaba Alexander LeeMark I. Ryder Barbara Potempa Piotr<br>Mydel Annelie Hellvard Karina Adamowicz Hatice Hasturk Glenn D. Walker Eric C.<br>Reynolds Richard L. M. Faull Maurice A. Curtis Mike Dragunow Jan Potempa Sci.<br>Adv., 5 (1).<\/li><li>N. Ishida, Y. Ishihara, K. Ishida, H. Tada, Y. Funaki-Kato, M. Hagiwara, T. Ferdous, M.<br>Abdullah, A. Mitani, M. Michikawa, K. Matsushita, Periodontitis induced by bacterial<br>infection exacerbates features of Alzheimer\u2019s disease in transgenic mice. NPJ Aging<br>Mech. Dis. 3, 15 (2017).<\/li><li>M. Coureuil, H. L\u00e9cuyer, S. Bourdoulous, X. Nassif, A journey into the brain: Insight<br>into how bacterial pathogens cross blood-brain barriers. Nat. Rev. Microbiol. 15,<br>149\u2013159 (2017).<\/li><li>Leira Y., Dom\u00ednguez C., Seoane J., Seoane-Romero J., Pias-Peleteiro J.M.,<br>Takkouche B., Blanco J., Aldrey J.M. Is Periodontal Disease Associated with<br>Alzheimer\u2019s Disease? A Systematic Review with Meta-Analysis. Neuroepidemiology.<br>2017;48:21\u201331.<\/li><\/ol>","protected":false},"excerpt":{"rendered":"<p>\u00bfExiste Relaci\u00f3n Entre las Bacterias en tu Boca y Desarrollar Alzheimer? y de ser as\u00ed, \u00bfC\u00f3mo Podr\u00edas Cuidarte? Descubre Esto y M\u00e1s en Esta Nota.<\/p>","protected":false},"author":1,"featured_media":5712,"comment_status":"open","ping_status":"open","sticky":false,"template":"","format":"standard","meta":{"site-sidebar-layout":"default","site-content-layout":"default","ast-global-header-display":"","ast-banner-title-visibility":"","ast-main-header-display":"","ast-hfb-above-header-display":"","ast-hfb-below-header-display":"","ast-hfb-mobile-header-display":"","site-post-title":"","ast-breadcrumbs-content":"","ast-featured-img":"","footer-sml-layout":"","theme-transparent-header-meta":"default","adv-header-id-meta":"","stick-header-meta":"default","header-above-stick-meta":"","header-main-stick-meta":"","header-below-stick-meta":"","footnotes":""},"categories":[3],"tags":[],"class_list":["post-5710","post","type-post","status-publish","format-standard","has-post-thumbnail","hentry","category-blog-es"],"aioseo_notices":[],"_links":{"self":[{"href":"https:\/\/estheticdentalcenter.com.mx\/en\/wp-json\/wp\/v2\/posts\/5710","targetHints":{"allow":["GET"]}}],"collection":[{"href":"https:\/\/estheticdentalcenter.com.mx\/en\/wp-json\/wp\/v2\/posts"}],"about":[{"href":"https:\/\/estheticdentalcenter.com.mx\/en\/wp-json\/wp\/v2\/types\/post"}],"author":[{"embeddable":true,"href":"https:\/\/estheticdentalcenter.com.mx\/en\/wp-json\/wp\/v2\/users\/1"}],"replies":[{"embeddable":true,"href":"https:\/\/estheticdentalcenter.com.mx\/en\/wp-json\/wp\/v2\/comments?post=5710"}],"version-history":[{"count":0,"href":"https:\/\/estheticdentalcenter.com.mx\/en\/wp-json\/wp\/v2\/posts\/5710\/revisions"}],"wp:featuredmedia":[{"embeddable":true,"href":"https:\/\/estheticdentalcenter.com.mx\/en\/wp-json\/wp\/v2\/media\/5712"}],"wp:attachment":[{"href":"https:\/\/estheticdentalcenter.com.mx\/en\/wp-json\/wp\/v2\/media?parent=5710"}],"wp:term":[{"taxonomy":"category","embeddable":true,"href":"https:\/\/estheticdentalcenter.com.mx\/en\/wp-json\/wp\/v2\/categories?post=5710"},{"taxonomy":"post_tag","embeddable":true,"href":"https:\/\/estheticdentalcenter.com.mx\/en\/wp-json\/wp\/v2\/tags?post=5710"}],"curies":[{"name":"wp","href":"https:\/\/api.w.org\/{rel}","templated":true}]}}