{"id":5747,"date":"2022-06-23T16:04:56","date_gmt":"2022-06-23T21:04:56","guid":{"rendered":"https:\/\/estheticdentalcenter.com.mx\/?p=5747"},"modified":"2022-06-23T16:13:53","modified_gmt":"2022-06-23T21:13:53","slug":"tienes-manchas-en-los-dientes","status":"publish","type":"post","link":"https:\/\/estheticdentalcenter.com.mx\/en\/tienes-manchas-en-los-dientes\/","title":{"rendered":"Do you have stains on your teeth?"},"content":{"rendered":"<h3 class=\"wp-block-heading\">No te preocupes, tenemos el tratamiento ideal para ti<\/h3>\n\n\n\n<p>Las manchas en los dientes a parte de ser un problema est\u00e9tico pueden ser el aviso de una lesi\u00f3n o patolog\u00eda mayor , por eso es importante acudir de manera frecuente con un <a href=\"https:\/\/estheticdentalcenter.com.mx\/en\/\">dentista<\/a> para poder prevenir.<\/p>\n\n\n\n<p>Existen diferentes tipos de manchas, las cuales podemos dividir en cuanto a su color<\/p>\n\n\n\n<h4 class=\"wp-block-heading\">Manchas blancas en los dientes:<\/h4>\n\n\n\n<p><strong>\u00a1Atenci\u00f3n!<\/strong> Pueden ser un aviso de caries, aunque tengamos en mente la imagen de la caries como un agujero negro en los dientes, la caries inicia como una mancha blanca, s\u00edntoma de la desmineralizaci\u00f3n del esmalte por las bacterias causantes de esta enfermedad, es frecuente despu\u00e9s de usar brackets<\/p>\n\n\n\n<h4 class=\"wp-block-heading\">Dientes amarillos<\/h4>\n\n\n\n<p><strong>Alimentos<\/strong>, el caf\u00e9, t\u00e9, vino, refrescos de cola y ser fumador provocan manchas amarillas en los dientes, y no es tan conocido que incluso frutas\/verduras como el tomate, la granada, zanahoria, ar\u00e1ndanos y cerezas, todos ellos altos en carotenos, pueden modificar el color de tus dientes haci\u00e9ndolos m\u00e1s amarillos.<\/p>\n\n\n\n<h4 class=\"wp-block-heading\">Dientes negros o gris<\/h4>\n\n\n\n<p>Un <strong>diente sin vitalidad<\/strong>, ya sea que hayas recibido un golpe o que te hayan realizado una endodoncia, los dientes que pierden su nervio suelen tener una coloraci\u00f3n m\u00e1s obscura que los otros dientes<\/p>\n\n\n\n<h4 class=\"wp-block-heading\">Manchas marrones en los dientes:<\/h4>\n\n\n\n<ul class=\"wp-block-list\"><li><strong>Tetraciclinas<\/strong>. Las tetraclicinas sin&nbsp; antibi\u00f3tico muy utilizado hace unos a\u00f1os, las cuales, provocan una coloraci\u00f3n en los dientes que van desde tonos amarillos-marrones hasta el gris.<\/li><li><strong>Hipomineralizaci\u00f3n <\/strong>incisivo-molar (MIH)son un tipo de manchas que van desde el color blanco a amarillo y llegando a marr\u00f3n, su causa no es conocida, pero sus s\u00edntomas son la alta sensibilidad en el diente afectado y la r\u00e1pida destrucci\u00f3n del esmalte.<\/li><li>La<strong> mala higiene dental<\/strong>, es la principal causa de las manchas en los dientes, la placa bacteriana comienza siendo amarilla clara y va de un color anaranjado hasta llegar a marr\u00f3n cuando ya est\u00e1 convertida en sarro. La noticia buena, sobre este tipo de manchas, es que la soluci\u00f3n la tienes en tus manos.<\/li><li><strong>Fl\u00faorosis<\/strong>: causada por un excesivo consumo de fluoruro sobre todo durante la infancia<\/li><\/ul>\n\n\n\n<h3 class=\"has-text-align-center wp-block-heading\"><strong>\u00bfC\u00f3mo puedo eliminar las manchas de mis dientes?<\/strong><\/h3>\n\n\n\n<p>La forma de eliminar las manchas de los dientes tiene que ver directamente con la ra\u00edz del problema, por ejemplo:<\/p>\n\n\n\n<h4 class=\"wp-block-heading\">Limpieza Dental<\/h4>\n\n\n\n<p>Si lo que necesitas es eliminar manchas superficiales en tus dientes, &nbsp; eliminamos todo el sarro acumulado mediante&nbsp; ultrasonidos y&nbsp; de igual manera quitaremos &nbsp; las manchas superficiales de tus dientes con aquacare, logrando una sonrisa sana.<\/p>\n\n\n\n<h4 class=\"wp-block-heading\">Blanqueamiento dental profesional<\/h4>\n\n\n\n<p>Si despu\u00e9s de realizarte una limpieza dental a\u00fan deseas mejorar el color de los dientes, podemos realizar un blanqueamiento dental, el cual se aplica en gel durante unos 30 minutos aproximadamente, este tratamiento no desgastamos tu diente y \u00a1<strong>No genera sensibilidad<\/strong>!<\/p>\n\n\n\n<h4 class=\"wp-block-heading\">Carillas dentales<\/h4>\n\n\n\n<p>La soluci\u00f3n perfecta para ti si quieres modificar forma y color de tus dientes! Sobre todo en casos donde queremos tener un resultado de alta est\u00e9tica.<\/p>\n\n\n\n<p>La colocaci\u00f3n de las carillas actualmente se hacen con un protocolo de m\u00ednima invasi\u00f3n del diente, es decir, no vamos a hacer ning\u00fan desgaste!<\/p>\n\n\n\n<h3 class=\"wp-block-heading\">\u00bf<strong>C\u00f3mo prevenir manchas<\/strong>?<\/h3>\n\n\n\n<p>Respecto a la alimentaci\u00f3n, ahora que ya sabes que en nuestra dieta hay alimentos que manchan tus dientes, m\u00e1s all\u00e1 de evitarlos, nuestra recomendaci\u00f3n es que establezcas h\u00e1bitos de higiene que no permitan que las manchas se queden en tus dientes<\/p>\n\n\n\n<p><strong>\u00a1Recuerda tener una buena&nbsp;higiene bucal diaria, con pasta fluorada, un cepillo de cerdas suaves y uso de hilo dental!&nbsp;<\/strong><\/p>\n\n\n\n<p>Y sobre todo no olvides acudir Cada 6 meses con tu odont\u00f3logo para realizar un control y una limpieza dental, lo cual nos ayudar\u00e1 a mantener unos dientes sanos y bonitos.<\/p>\n\n\n\n<h3 class=\"wp-block-heading\"><strong>\u00bfQu\u00e9 hacer si tengo manchas?<\/strong><\/h3>\n\n\n\n<p>Agenda una cita de inmediato para poder valorar y detectar cualquier lesi\u00f3n o mancha, en Esthetic Dental&nbsp; center contamos con todos los especialistas para poder darte el tratamiento ideal para tu caso.<\/p>\n\n\n\n<p>Bibliograf\u00eda<\/p>\n\n\n\n<p><a href=\"doi: 10.1038\/sj.bdj.4800959.\" title=\"doi: 10.1038\/sj.bdj.4800959\">doi: 10.1038\/sj.bdj.4800959<\/a>.<\/p>\n\n\n\n<p><a href=\"doi: 10.3760\/cma.j.cn112144-20200317-00156\" title=\"\">doi: 10.3760\/cma.j.cn112144-20200317-00156<\/a>.<\/p>","protected":false},"excerpt":{"rendered":"<p>The stains on the teeth part of being a cosmetic problem may be the notice of injury or pathology major.<\/p>","protected":false},"author":1,"featured_media":5750,"comment_status":"open","ping_status":"open","sticky":false,"template":"","format":"standard","meta":{"site-sidebar-layout":"default","site-content-layout":"default","ast-global-header-display":"","ast-banner-title-visibility":"","ast-main-header-display":"","ast-hfb-above-header-display":"","ast-hfb-below-header-display":"","ast-hfb-mobile-header-display":"","site-post-title":"","ast-breadcrumbs-content":"","ast-featured-img":"","footer-sml-layout":"","theme-transparent-header-meta":"default","adv-header-id-meta":"","stick-header-meta":"default","header-above-stick-meta":"","header-main-stick-meta":"","header-below-stick-meta":"","footnotes":""},"categories":[1],"tags":[],"class_list":["post-5747","post","type-post","status-publish","format-standard","has-post-thumbnail","hentry","category-uncategorized"],"aioseo_notices":[],"_links":{"self":[{"href":"https:\/\/estheticdentalcenter.com.mx\/en\/wp-json\/wp\/v2\/posts\/5747","targetHints":{"allow":["GET"]}}],"collection":[{"href":"https:\/\/estheticdentalcenter.com.mx\/en\/wp-json\/wp\/v2\/posts"}],"about":[{"href":"https:\/\/estheticdentalcenter.com.mx\/en\/wp-json\/wp\/v2\/types\/post"}],"author":[{"embeddable":true,"href":"https:\/\/estheticdentalcenter.com.mx\/en\/wp-json\/wp\/v2\/users\/1"}],"replies":[{"embeddable":true,"href":"https:\/\/estheticdentalcenter.com.mx\/en\/wp-json\/wp\/v2\/comments?post=5747"}],"version-history":[{"count":0,"href":"https:\/\/estheticdentalcenter.com.mx\/en\/wp-json\/wp\/v2\/posts\/5747\/revisions"}],"wp:featuredmedia":[{"embeddable":true,"href":"https:\/\/estheticdentalcenter.com.mx\/en\/wp-json\/wp\/v2\/media\/5750"}],"wp:attachment":[{"href":"https:\/\/estheticdentalcenter.com.mx\/en\/wp-json\/wp\/v2\/media?parent=5747"}],"wp:term":[{"taxonomy":"category","embeddable":true,"href":"https:\/\/estheticdentalcenter.com.mx\/en\/wp-json\/wp\/v2\/categories?post=5747"},{"taxonomy":"post_tag","embeddable":true,"href":"https:\/\/estheticdentalcenter.com.mx\/en\/wp-json\/wp\/v2\/tags?post=5747"}],"curies":[{"name":"wp","href":"https:\/\/api.w.org\/{rel}","templated":true}]}}